{"id":1075,"date":"2024-05-20T07:06:00","date_gmt":"2024-05-20T07:06:00","guid":{"rendered":"http:\/\/intelheart.kg.ac.rs\/?p=1075"},"modified":"2024-05-20T07:12:32","modified_gmt":"2024-05-20T07:12:32","slug":"odrzano-predavanje-na-seminaru-iz-vestacke-inteligencije-u-organizaciji-matematickog-instituta-srpske-akademije-nauka-i-umetnosti-mi-sanu","status":"publish","type":"post","link":"http:\/\/intelheart.kg.ac.rs\/sr\/odrzano-predavanje-na-seminaru-iz-vestacke-inteligencije-u-organizaciji-matematickog-instituta-srpske-akademije-nauka-i-umetnosti-mi-sanu\/","title":{"rendered":"Odr\u017eano predavanje na Seminaru iz ve\u0161ta\u010dke inteligencije u organizaciji Matemati\u010dkog instituta Srpske akademije nauka i umetnosti (MI SANU)"},"content":{"rendered":"<div data-elementor-type=\"wp-post\" data-elementor-id=\"1075\" class=\"elementor elementor-1075\">\n\t\t\t\t<div class=\"elementor-element elementor-element-e7715c6 e-flex e-con-boxed e-con e-parent\" data-id=\"e7715c6\" data-element_type=\"container\" data-settings=\"{&quot;content_width&quot;:&quot;boxed&quot;}\" data-core-v316-plus=\"true\">\n\t\t\t\t\t<div class=\"e-con-inner\">\n\t\t\t\t<div class=\"elementor-element elementor-element-056217a elementor-widget elementor-widget-image\" data-id=\"056217a\" data-element_type=\"widget\" data-widget_type=\"image.default\">\n\t\t\t\t<div class=\"elementor-widget-container\">\n\t\t\t<style>\/*! elementor - v3.19.0 - 28-02-2024 *\/\n.elementor-widget-image{text-align:center}.elementor-widget-image a{display:inline-block}.elementor-widget-image a img[src$=\".svg\"]{width:48px}.elementor-widget-image img{vertical-align:middle;display:inline-block}<\/style>\t\t\t\t\t\t\t\t\t\t<img fetchpriority=\"high\" decoding=\"async\" width=\"653\" height=\"163\" src=\"http:\/\/intelheart.kg.ac.rs\/wp-content\/uploads\/2024\/05\/MI-SANU.png\" class=\"attachment-medium_large size-medium_large wp-image-1076\" alt=\"\" \/>\t\t\t\t\t\t\t\t\t\t\t\t\t<\/div>\n\t\t\t\t<\/div>\n\t\t\t\t\t<\/div>\n\t\t\t\t<\/div>\n\t\t<div class=\"elementor-element elementor-element-e062612 e-flex e-con-boxed e-con e-parent\" data-id=\"e062612\" data-element_type=\"container\" data-settings=\"{&quot;content_width&quot;:&quot;boxed&quot;}\" data-core-v316-plus=\"true\">\n\t\t\t\t\t<div class=\"e-con-inner\">\n\t\t<div class=\"elementor-element elementor-element-6b61b96 e-con-full e-flex e-con e-child\" data-id=\"6b61b96\" data-element_type=\"container\" data-settings=\"{&quot;content_width&quot;:&quot;full&quot;}\">\n\t\t\t\t<div class=\"elementor-element elementor-element-1470e24 elementor-widget elementor-widget-text-editor\" data-id=\"1470e24\" data-element_type=\"widget\" data-widget_type=\"text-editor.default\">\n\t\t\t\t<div class=\"elementor-widget-container\">\n\t\t\t<style>\/*! elementor - v3.19.0 - 28-02-2024 *\/\n.elementor-widget-text-editor.elementor-drop-cap-view-stacked .elementor-drop-cap{background-color:#69727d;color:#fff}.elementor-widget-text-editor.elementor-drop-cap-view-framed .elementor-drop-cap{color:#69727d;border:3px solid;background-color:transparent}.elementor-widget-text-editor:not(.elementor-drop-cap-view-default) .elementor-drop-cap{margin-top:8px}.elementor-widget-text-editor:not(.elementor-drop-cap-view-default) .elementor-drop-cap-letter{width:1em;height:1em}.elementor-widget-text-editor .elementor-drop-cap{float:left;text-align:center;line-height:1;font-size:50px}.elementor-widget-text-editor .elementor-drop-cap-letter{display:inline-block}<\/style>\t\t\t\t<p>Prof. Nenad Filipovi\u0107, redovni profesor Fakulteta in\u017eenjerskih nauka Univerziteta u Kragujevcu i rukovodilac INTELHEART projekta, u sredu 8. maja 2024. godine odr\u017eao je predavanje pod naslovom \u201e<em>INTELHEART platforma za ranu dijagnozu sr\u010dane slabosti\u201c<\/em> na onlajn Seminaru iz ve\u0161ta\u010dke inteligencije. Seminar je organizovan od strane Odeljenja za ra\u010dunarstvo i primenjenu matematiku Matemati\u010dkog instituta Srpske akademije nauka i umetnosti (MI SANU) i obuhvata vi\u0161e predavanja iz razli\u010ditih oblasti primene ve\u0161ta\u010dke inteligencije tokom meseca maja. <br \/>Ovaj onlajn seminar nastao je kao nastavak sastanka \u201eSerbian AI Meeting&#8221; i zami\u0161ljen je da na njemu istra\u017eiva\u010di iz Srbije i dijaspore, kao i istra\u017eiva\u010di sa univerziteta, nau\u010dnih instituta i iz prakse predstavljaju nau\u010dne teme i rezultate iz oblasti ve\u0161ta\u010dke inteligencije.<br \/>Zahvaljujemo MI SANU na pozivu za u\u010de\u0161\u0107e i prilici za predstavljanje istra\u017eivanja u okviru Centra za bioin\u017eenjering i INTELHEART projekta.<\/p><p>Vi\u0161e o odr\u017eanim i predstoje\u0107im predavanjima dostupno je na MI SANU zvani\u010dnom sajtu (<a href=\"https:\/\/www.mi.sanu.ac.rs\/novi_sajt\/seminars\/programs\/seminar24.may2024.php\">Link<\/a>).<\/p>\t\t\t\t\t\t<\/div>\n\t\t\t\t<\/div>\n\t\t\t\t<\/div>\n\t\t\t\t\t<\/div>\n\t\t\t\t<\/div>\n\t\t\t\t<\/div>","protected":false},"excerpt":{"rendered":"<p>Prof. Nenad Filipovi\u0107, redovni profesor Fakulteta in\u017eenjerskih nauka Univerziteta u Kragujevcu i rukovodilac INTELHEART projekta, u sredu 8. maja 2024. godine odr\u017eao je predavanje pod naslovom \u201eINTELHEART platforma za ranu dijagnozu sr\u010dane slabosti\u201c na onlajn Seminaru iz ve\u0161ta\u010dke inteligencije. Seminar je organizovan od strane Odeljenja za ra\u010dunarstvo i primenjenu matematiku Matemati\u010dkog instituta Srpske akademije nauka &#8230; <a title=\"Odr\u017eano predavanje na Seminaru iz ve\u0161ta\u010dke inteligencije u organizaciji Matemati\u010dkog instituta Srpske akademije nauka i umetnosti (MI SANU)\" class=\"read-more\" href=\"http:\/\/intelheart.kg.ac.rs\/sr\/odrzano-predavanje-na-seminaru-iz-vestacke-inteligencije-u-organizaciji-matematickog-instituta-srpske-akademije-nauka-i-umetnosti-mi-sanu\/\" aria-label=\"Read more about Odr\u017eano predavanje na Seminaru iz ve\u0161ta\u010dke inteligencije u organizaciji Matemati\u010dkog instituta Srpske akademije nauka i umetnosti (MI SANU)\">Read more<\/a><\/p>","protected":false},"author":1,"featured_media":0,"comment_status":"closed","ping_status":"open","sticky":false,"template":"","format":"standard","meta":{"_themeisle_gutenberg_block_has_review":false,"footnotes":""},"categories":[10,1],"tags":[],"class_list":["post-1075","post","type-post","status-publish","format-standard","hentry","category-intelheart-sr","category-uncategorized"],"yoast_head":"<!-- This site is optimized with the Yoast SEO plugin v22.5 - https:\/\/yoast.com\/wordpress\/plugins\/seo\/ -->\n<title>Odr\u017eano predavanje na Seminaru iz ve\u0161ta\u010dke inteligencije u organizaciji Matemati\u010dkog instituta Srpske akademije nauka i umetnosti (MI SANU) - IntelHeart<\/title>\n<meta name=\"robots\" content=\"index, follow, max-snippet:-1, max-image-preview:large, max-video-preview:-1\" \/>\n<link rel=\"canonical\" href=\"http:\/\/intelheart.kg.ac.rs\/sr\/odrzano-predavanje-na-seminaru-iz-vestacke-inteligencije-u-organizaciji-matematickog-instituta-srpske-akademije-nauka-i-umetnosti-mi-sanu\/\" \/>\n<meta property=\"og:locale\" content=\"sr_RS\" \/>\n<meta property=\"og:type\" content=\"article\" \/>\n<meta property=\"og:title\" content=\"Odr\u017eano predavanje na Seminaru iz ve\u0161ta\u010dke inteligencije u organizaciji Matemati\u010dkog instituta Srpske akademije nauka i umetnosti (MI SANU) - IntelHeart\" \/>\n<meta property=\"og:description\" content=\"Prof. Nenad Filipovi\u0107, redovni profesor Fakulteta in\u017eenjerskih nauka Univerziteta u Kragujevcu i rukovodilac INTELHEART projekta, u sredu 8. maja 2024. godine odr\u017eao je predavanje pod naslovom \u201eINTELHEART platforma za ranu dijagnozu sr\u010dane slabosti\u201c na onlajn Seminaru iz ve\u0161ta\u010dke inteligencije. Seminar je organizovan od strane Odeljenja za ra\u010dunarstvo i primenjenu matematiku Matemati\u010dkog instituta Srpske akademije nauka ... Read more\" \/>\n<meta property=\"og:url\" content=\"http:\/\/intelheart.kg.ac.rs\/sr\/odrzano-predavanje-na-seminaru-iz-vestacke-inteligencije-u-organizaciji-matematickog-instituta-srpske-akademije-nauka-i-umetnosti-mi-sanu\/\" \/>\n<meta property=\"og:site_name\" content=\"IntelHeart\" \/>\n<meta property=\"article:published_time\" content=\"2024-05-20T07:06:00+00:00\" \/>\n<meta property=\"article:modified_time\" content=\"2024-05-20T07:12:32+00:00\" \/>\n<meta property=\"og:image\" content=\"http:\/\/intelheart.kg.ac.rs\/wp-content\/uploads\/2024\/05\/MI-SANU.png\" \/>\n<meta name=\"author\" content=\"intelheart\" \/>\n<meta name=\"twitter:card\" content=\"summary_large_image\" \/>\n<meta name=\"twitter:label1\" content=\"\u041d\u0430\u043f\u0438\u0441\u0430\u043d\u043e \u043e\u0434\" \/>\n\t<meta name=\"twitter:data1\" content=\"intelheart\" \/>\n\t<meta name=\"twitter:label2\" content=\"\u041f\u0440\u043e\u0446\u0435\u045a\u0435\u043d\u043e \u0432\u0440\u0435\u043c\u0435 \u0447\u0438\u0442\u0430\u045a\u0430\" \/>\n\t<meta name=\"twitter:data2\" content=\"1 \u043c\u0438\u043d\u0443\u0442\" \/>\n<script type=\"application\/ld+json\" class=\"yoast-schema-graph\">{\"@context\":\"https:\/\/schema.org\",\"@graph\":[{\"@type\":\"Article\",\"@id\":\"http:\/\/intelheart.kg.ac.rs\/odrzano-predavanje-na-seminaru-iz-vestacke-inteligencije-u-organizaciji-matematickog-instituta-srpske-akademije-nauka-i-umetnosti-mi-sanu\/#article\",\"isPartOf\":{\"@id\":\"http:\/\/intelheart.kg.ac.rs\/odrzano-predavanje-na-seminaru-iz-vestacke-inteligencije-u-organizaciji-matematickog-instituta-srpske-akademije-nauka-i-umetnosti-mi-sanu\/\"},\"author\":{\"name\":\"intelheart\",\"@id\":\"http:\/\/intelheart.kg.ac.rs\/#\/schema\/person\/63e86dffa2de226d4a8c971536e6948b\"},\"headline\":\"Odr\u017eano predavanje na Seminaru iz ve\u0161ta\u010dke inteligencije u organizaciji Matemati\u010dkog instituta Srpske akademije nauka i umetnosti (MI SANU)\",\"datePublished\":\"2024-05-20T07:06:00+00:00\",\"dateModified\":\"2024-05-20T07:12:32+00:00\",\"mainEntityOfPage\":{\"@id\":\"http:\/\/intelheart.kg.ac.rs\/odrzano-predavanje-na-seminaru-iz-vestacke-inteligencije-u-organizaciji-matematickog-instituta-srpske-akademije-nauka-i-umetnosti-mi-sanu\/\"},\"wordCount\":195,\"publisher\":{\"@id\":\"http:\/\/intelheart.kg.ac.rs\/#organization\"},\"image\":{\"@id\":\"http:\/\/intelheart.kg.ac.rs\/odrzano-predavanje-na-seminaru-iz-vestacke-inteligencije-u-organizaciji-matematickog-instituta-srpske-akademije-nauka-i-umetnosti-mi-sanu\/#primaryimage\"},\"thumbnailUrl\":\"http:\/\/intelheart.kg.ac.rs\/wp-content\/uploads\/2024\/05\/MI-SANU.png\",\"articleSection\":[\"IntelHeart\",\"Uncategorized\"],\"inLanguage\":\"sr-RS\"},{\"@type\":\"WebPage\",\"@id\":\"http:\/\/intelheart.kg.ac.rs\/odrzano-predavanje-na-seminaru-iz-vestacke-inteligencije-u-organizaciji-matematickog-instituta-srpske-akademije-nauka-i-umetnosti-mi-sanu\/\",\"url\":\"http:\/\/intelheart.kg.ac.rs\/odrzano-predavanje-na-seminaru-iz-vestacke-inteligencije-u-organizaciji-matematickog-instituta-srpske-akademije-nauka-i-umetnosti-mi-sanu\/\",\"name\":\"Odr\u017eano predavanje na Seminaru iz ve\u0161ta\u010dke inteligencije u organizaciji Matemati\u010dkog instituta Srpske akademije nauka i umetnosti (MI SANU) - IntelHeart\",\"isPartOf\":{\"@id\":\"http:\/\/intelheart.kg.ac.rs\/#website\"},\"primaryImageOfPage\":{\"@id\":\"http:\/\/intelheart.kg.ac.rs\/odrzano-predavanje-na-seminaru-iz-vestacke-inteligencije-u-organizaciji-matematickog-instituta-srpske-akademije-nauka-i-umetnosti-mi-sanu\/#primaryimage\"},\"image\":{\"@id\":\"http:\/\/intelheart.kg.ac.rs\/odrzano-predavanje-na-seminaru-iz-vestacke-inteligencije-u-organizaciji-matematickog-instituta-srpske-akademije-nauka-i-umetnosti-mi-sanu\/#primaryimage\"},\"thumbnailUrl\":\"http:\/\/intelheart.kg.ac.rs\/wp-content\/uploads\/2024\/05\/MI-SANU.png\",\"datePublished\":\"2024-05-20T07:06:00+00:00\",\"dateModified\":\"2024-05-20T07:12:32+00:00\",\"breadcrumb\":{\"@id\":\"http:\/\/intelheart.kg.ac.rs\/odrzano-predavanje-na-seminaru-iz-vestacke-inteligencije-u-organizaciji-matematickog-instituta-srpske-akademije-nauka-i-umetnosti-mi-sanu\/#breadcrumb\"},\"inLanguage\":\"sr-RS\",\"potentialAction\":[{\"@type\":\"ReadAction\",\"target\":[\"http:\/\/intelheart.kg.ac.rs\/odrzano-predavanje-na-seminaru-iz-vestacke-inteligencije-u-organizaciji-matematickog-instituta-srpske-akademije-nauka-i-umetnosti-mi-sanu\/\"]}]},{\"@type\":\"ImageObject\",\"inLanguage\":\"sr-RS\",\"@id\":\"http:\/\/intelheart.kg.ac.rs\/odrzano-predavanje-na-seminaru-iz-vestacke-inteligencije-u-organizaciji-matematickog-instituta-srpske-akademije-nauka-i-umetnosti-mi-sanu\/#primaryimage\",\"url\":\"http:\/\/intelheart.kg.ac.rs\/wp-content\/uploads\/2024\/05\/MI-SANU.png\",\"contentUrl\":\"http:\/\/intelheart.kg.ac.rs\/wp-content\/uploads\/2024\/05\/MI-SANU.png\"},{\"@type\":\"BreadcrumbList\",\"@id\":\"http:\/\/intelheart.kg.ac.rs\/odrzano-predavanje-na-seminaru-iz-vestacke-inteligencije-u-organizaciji-matematickog-instituta-srpske-akademije-nauka-i-umetnosti-mi-sanu\/#breadcrumb\",\"itemListElement\":[{\"@type\":\"ListItem\",\"position\":1,\"name\":\"Home\",\"item\":\"http:\/\/intelheart.kg.ac.rs\/\"},{\"@type\":\"ListItem\",\"position\":2,\"name\":\"Odr\u017eano predavanje na Seminaru iz ve\u0161ta\u010dke inteligencije u organizaciji Matemati\u010dkog instituta Srpske akademije nauka i umetnosti (MI SANU)\"}]},{\"@type\":\"WebSite\",\"@id\":\"http:\/\/intelheart.kg.ac.rs\/#website\",\"url\":\"http:\/\/intelheart.kg.ac.rs\/\",\"name\":\"IntelHeart\",\"description\":\"\",\"publisher\":{\"@id\":\"http:\/\/intelheart.kg.ac.rs\/#organization\"},\"potentialAction\":[{\"@type\":\"SearchAction\",\"target\":{\"@type\":\"EntryPoint\",\"urlTemplate\":\"http:\/\/intelheart.kg.ac.rs\/?s={search_term_string}\"},\"query-input\":\"required name=search_term_string\"}],\"inLanguage\":\"sr-RS\"},{\"@type\":\"Organization\",\"@id\":\"http:\/\/intelheart.kg.ac.rs\/#organization\",\"name\":\"IntelHeart\",\"url\":\"http:\/\/intelheart.kg.ac.rs\/\",\"logo\":{\"@type\":\"ImageObject\",\"inLanguage\":\"sr-RS\",\"@id\":\"http:\/\/intelheart.kg.ac.rs\/#\/schema\/logo\/image\/\",\"url\":\"http:\/\/intelheart.kg.ac.rs\/wp-content\/uploads\/2024\/02\/LOGO_INTELHEART3-1.jpg\",\"contentUrl\":\"http:\/\/intelheart.kg.ac.rs\/wp-content\/uploads\/2024\/02\/LOGO_INTELHEART3-1.jpg\",\"width\":545,\"height\":371,\"caption\":\"IntelHeart\"},\"image\":{\"@id\":\"http:\/\/intelheart.kg.ac.rs\/#\/schema\/logo\/image\/\"}},{\"@type\":\"Person\",\"@id\":\"http:\/\/intelheart.kg.ac.rs\/#\/schema\/person\/63e86dffa2de226d4a8c971536e6948b\",\"name\":\"intelheart\",\"image\":{\"@type\":\"ImageObject\",\"inLanguage\":\"sr-RS\",\"@id\":\"http:\/\/intelheart.kg.ac.rs\/#\/schema\/person\/image\/\",\"url\":\"https:\/\/secure.gravatar.com\/avatar\/bda312b2bd7f38bd20b35fea196ed2652f776f2be5139dd91c05e821cd14190c?s=96&d=mm&r=g\",\"contentUrl\":\"https:\/\/secure.gravatar.com\/avatar\/bda312b2bd7f38bd20b35fea196ed2652f776f2be5139dd91c05e821cd14190c?s=96&d=mm&r=g\",\"caption\":\"intelheart\"},\"sameAs\":[\"http:\/\/intelheart.kg.ac.rs\"],\"url\":\"http:\/\/intelheart.kg.ac.rs\/sr\/author\/intelheart\/\"}]}<\/script>\n<!-- \/ Yoast SEO plugin. -->","yoast_head_json":{"title":"Odr\u017eano predavanje na Seminaru iz ve\u0161ta\u010dke inteligencije u organizaciji Matemati\u010dkog instituta Srpske akademije nauka i umetnosti (MI SANU) - IntelHeart","robots":{"index":"index","follow":"follow","max-snippet":"max-snippet:-1","max-image-preview":"max-image-preview:large","max-video-preview":"max-video-preview:-1"},"canonical":"http:\/\/intelheart.kg.ac.rs\/sr\/odrzano-predavanje-na-seminaru-iz-vestacke-inteligencije-u-organizaciji-matematickog-instituta-srpske-akademije-nauka-i-umetnosti-mi-sanu\/","og_locale":"sr_RS","og_type":"article","og_title":"Odr\u017eano predavanje na Seminaru iz ve\u0161ta\u010dke inteligencije u organizaciji Matemati\u010dkog instituta Srpske akademije nauka i umetnosti (MI SANU) - IntelHeart","og_description":"Prof. Nenad Filipovi\u0107, redovni profesor Fakulteta in\u017eenjerskih nauka Univerziteta u Kragujevcu i rukovodilac INTELHEART projekta, u sredu 8. maja 2024. godine odr\u017eao je predavanje pod naslovom \u201eINTELHEART platforma za ranu dijagnozu sr\u010dane slabosti\u201c na onlajn Seminaru iz ve\u0161ta\u010dke inteligencije. Seminar je organizovan od strane Odeljenja za ra\u010dunarstvo i primenjenu matematiku Matemati\u010dkog instituta Srpske akademije nauka ... Read more","og_url":"http:\/\/intelheart.kg.ac.rs\/sr\/odrzano-predavanje-na-seminaru-iz-vestacke-inteligencije-u-organizaciji-matematickog-instituta-srpske-akademije-nauka-i-umetnosti-mi-sanu\/","og_site_name":"IntelHeart","article_published_time":"2024-05-20T07:06:00+00:00","article_modified_time":"2024-05-20T07:12:32+00:00","og_image":[{"url":"http:\/\/intelheart.kg.ac.rs\/wp-content\/uploads\/2024\/05\/MI-SANU.png"}],"author":"intelheart","twitter_card":"summary_large_image","twitter_misc":{"\u041d\u0430\u043f\u0438\u0441\u0430\u043d\u043e \u043e\u0434":"intelheart","\u041f\u0440\u043e\u0446\u0435\u045a\u0435\u043d\u043e \u0432\u0440\u0435\u043c\u0435 \u0447\u0438\u0442\u0430\u045a\u0430":"1 \u043c\u0438\u043d\u0443\u0442"},"schema":{"@context":"https:\/\/schema.org","@graph":[{"@type":"Article","@id":"http:\/\/intelheart.kg.ac.rs\/odrzano-predavanje-na-seminaru-iz-vestacke-inteligencije-u-organizaciji-matematickog-instituta-srpske-akademije-nauka-i-umetnosti-mi-sanu\/#article","isPartOf":{"@id":"http:\/\/intelheart.kg.ac.rs\/odrzano-predavanje-na-seminaru-iz-vestacke-inteligencije-u-organizaciji-matematickog-instituta-srpske-akademije-nauka-i-umetnosti-mi-sanu\/"},"author":{"name":"intelheart","@id":"http:\/\/intelheart.kg.ac.rs\/#\/schema\/person\/63e86dffa2de226d4a8c971536e6948b"},"headline":"Odr\u017eano predavanje na Seminaru iz ve\u0161ta\u010dke inteligencije u organizaciji Matemati\u010dkog instituta Srpske akademije nauka i umetnosti (MI SANU)","datePublished":"2024-05-20T07:06:00+00:00","dateModified":"2024-05-20T07:12:32+00:00","mainEntityOfPage":{"@id":"http:\/\/intelheart.kg.ac.rs\/odrzano-predavanje-na-seminaru-iz-vestacke-inteligencije-u-organizaciji-matematickog-instituta-srpske-akademije-nauka-i-umetnosti-mi-sanu\/"},"wordCount":195,"publisher":{"@id":"http:\/\/intelheart.kg.ac.rs\/#organization"},"image":{"@id":"http:\/\/intelheart.kg.ac.rs\/odrzano-predavanje-na-seminaru-iz-vestacke-inteligencije-u-organizaciji-matematickog-instituta-srpske-akademije-nauka-i-umetnosti-mi-sanu\/#primaryimage"},"thumbnailUrl":"http:\/\/intelheart.kg.ac.rs\/wp-content\/uploads\/2024\/05\/MI-SANU.png","articleSection":["IntelHeart","Uncategorized"],"inLanguage":"sr-RS"},{"@type":"WebPage","@id":"http:\/\/intelheart.kg.ac.rs\/odrzano-predavanje-na-seminaru-iz-vestacke-inteligencije-u-organizaciji-matematickog-instituta-srpske-akademije-nauka-i-umetnosti-mi-sanu\/","url":"http:\/\/intelheart.kg.ac.rs\/odrzano-predavanje-na-seminaru-iz-vestacke-inteligencije-u-organizaciji-matematickog-instituta-srpske-akademije-nauka-i-umetnosti-mi-sanu\/","name":"Odr\u017eano predavanje na Seminaru iz ve\u0161ta\u010dke inteligencije u organizaciji Matemati\u010dkog instituta Srpske akademije nauka i umetnosti (MI SANU) - IntelHeart","isPartOf":{"@id":"http:\/\/intelheart.kg.ac.rs\/#website"},"primaryImageOfPage":{"@id":"http:\/\/intelheart.kg.ac.rs\/odrzano-predavanje-na-seminaru-iz-vestacke-inteligencije-u-organizaciji-matematickog-instituta-srpske-akademije-nauka-i-umetnosti-mi-sanu\/#primaryimage"},"image":{"@id":"http:\/\/intelheart.kg.ac.rs\/odrzano-predavanje-na-seminaru-iz-vestacke-inteligencije-u-organizaciji-matematickog-instituta-srpske-akademije-nauka-i-umetnosti-mi-sanu\/#primaryimage"},"thumbnailUrl":"http:\/\/intelheart.kg.ac.rs\/wp-content\/uploads\/2024\/05\/MI-SANU.png","datePublished":"2024-05-20T07:06:00+00:00","dateModified":"2024-05-20T07:12:32+00:00","breadcrumb":{"@id":"http:\/\/intelheart.kg.ac.rs\/odrzano-predavanje-na-seminaru-iz-vestacke-inteligencije-u-organizaciji-matematickog-instituta-srpske-akademije-nauka-i-umetnosti-mi-sanu\/#breadcrumb"},"inLanguage":"sr-RS","potentialAction":[{"@type":"ReadAction","target":["http:\/\/intelheart.kg.ac.rs\/odrzano-predavanje-na-seminaru-iz-vestacke-inteligencije-u-organizaciji-matematickog-instituta-srpske-akademije-nauka-i-umetnosti-mi-sanu\/"]}]},{"@type":"ImageObject","inLanguage":"sr-RS","@id":"http:\/\/intelheart.kg.ac.rs\/odrzano-predavanje-na-seminaru-iz-vestacke-inteligencije-u-organizaciji-matematickog-instituta-srpske-akademije-nauka-i-umetnosti-mi-sanu\/#primaryimage","url":"http:\/\/intelheart.kg.ac.rs\/wp-content\/uploads\/2024\/05\/MI-SANU.png","contentUrl":"http:\/\/intelheart.kg.ac.rs\/wp-content\/uploads\/2024\/05\/MI-SANU.png"},{"@type":"BreadcrumbList","@id":"http:\/\/intelheart.kg.ac.rs\/odrzano-predavanje-na-seminaru-iz-vestacke-inteligencije-u-organizaciji-matematickog-instituta-srpske-akademije-nauka-i-umetnosti-mi-sanu\/#breadcrumb","itemListElement":[{"@type":"ListItem","position":1,"name":"Home","item":"http:\/\/intelheart.kg.ac.rs\/"},{"@type":"ListItem","position":2,"name":"Odr\u017eano predavanje na Seminaru iz ve\u0161ta\u010dke inteligencije u organizaciji Matemati\u010dkog instituta Srpske akademije nauka i umetnosti (MI SANU)"}]},{"@type":"WebSite","@id":"http:\/\/intelheart.kg.ac.rs\/#website","url":"http:\/\/intelheart.kg.ac.rs\/","name":"IntelHeart","description":"","publisher":{"@id":"http:\/\/intelheart.kg.ac.rs\/#organization"},"potentialAction":[{"@type":"SearchAction","target":{"@type":"EntryPoint","urlTemplate":"http:\/\/intelheart.kg.ac.rs\/?s={search_term_string}"},"query-input":"required name=search_term_string"}],"inLanguage":"sr-RS"},{"@type":"Organization","@id":"http:\/\/intelheart.kg.ac.rs\/#organization","name":"IntelHeart","url":"http:\/\/intelheart.kg.ac.rs\/","logo":{"@type":"ImageObject","inLanguage":"sr-RS","@id":"http:\/\/intelheart.kg.ac.rs\/#\/schema\/logo\/image\/","url":"http:\/\/intelheart.kg.ac.rs\/wp-content\/uploads\/2024\/02\/LOGO_INTELHEART3-1.jpg","contentUrl":"http:\/\/intelheart.kg.ac.rs\/wp-content\/uploads\/2024\/02\/LOGO_INTELHEART3-1.jpg","width":545,"height":371,"caption":"IntelHeart"},"image":{"@id":"http:\/\/intelheart.kg.ac.rs\/#\/schema\/logo\/image\/"}},{"@type":"Person","@id":"http:\/\/intelheart.kg.ac.rs\/#\/schema\/person\/63e86dffa2de226d4a8c971536e6948b","name":"intelheart","image":{"@type":"ImageObject","inLanguage":"sr-RS","@id":"http:\/\/intelheart.kg.ac.rs\/#\/schema\/person\/image\/","url":"https:\/\/secure.gravatar.com\/avatar\/bda312b2bd7f38bd20b35fea196ed2652f776f2be5139dd91c05e821cd14190c?s=96&d=mm&r=g","contentUrl":"https:\/\/secure.gravatar.com\/avatar\/bda312b2bd7f38bd20b35fea196ed2652f776f2be5139dd91c05e821cd14190c?s=96&d=mm&r=g","caption":"intelheart"},"sameAs":["http:\/\/intelheart.kg.ac.rs"],"url":"http:\/\/intelheart.kg.ac.rs\/sr\/author\/intelheart\/"}]}},"rttpg_featured_image_url":null,"rttpg_author":{"display_name":"intelheart","author_link":"http:\/\/intelheart.kg.ac.rs\/sr\/author\/intelheart\/"},"rttpg_comment":0,"rttpg_category":"<a href=\"http:\/\/intelheart.kg.ac.rs\/sr\/category\/intelheart-sr\/\" rel=\"category tag\">IntelHeart<\/a> <a href=\"http:\/\/intelheart.kg.ac.rs\/sr\/category\/uncategorized\/\" rel=\"category tag\">Uncategorized<\/a>","rttpg_excerpt":"Prof. Nenad Filipovi\u0107, redovni profesor Fakulteta in\u017eenjerskih nauka Univerziteta u Kragujevcu i rukovodilac INTELHEART projekta, u sredu 8. maja 2024. godine odr\u017eao je predavanje pod naslovom \u201eINTELHEART platforma za ranu dijagnozu sr\u010dane slabosti\u201c na onlajn Seminaru iz ve\u0161ta\u010dke inteligencije. Seminar je organizovan od strane Odeljenja za ra\u010dunarstvo i primenjenu matematiku Matemati\u010dkog instituta Srpske akademije nauka&hellip;","_links":{"self":[{"href":"http:\/\/intelheart.kg.ac.rs\/sr\/wp-json\/wp\/v2\/posts\/1075","targetHints":{"allow":["GET"]}}],"collection":[{"href":"http:\/\/intelheart.kg.ac.rs\/sr\/wp-json\/wp\/v2\/posts"}],"about":[{"href":"http:\/\/intelheart.kg.ac.rs\/sr\/wp-json\/wp\/v2\/types\/post"}],"author":[{"embeddable":true,"href":"http:\/\/intelheart.kg.ac.rs\/sr\/wp-json\/wp\/v2\/users\/1"}],"replies":[{"embeddable":true,"href":"http:\/\/intelheart.kg.ac.rs\/sr\/wp-json\/wp\/v2\/comments?post=1075"}],"version-history":[{"count":3,"href":"http:\/\/intelheart.kg.ac.rs\/sr\/wp-json\/wp\/v2\/posts\/1075\/revisions"}],"predecessor-version":[{"id":1079,"href":"http:\/\/intelheart.kg.ac.rs\/sr\/wp-json\/wp\/v2\/posts\/1075\/revisions\/1079"}],"wp:attachment":[{"href":"http:\/\/intelheart.kg.ac.rs\/sr\/wp-json\/wp\/v2\/media?parent=1075"}],"wp:term":[{"taxonomy":"category","embeddable":true,"href":"http:\/\/intelheart.kg.ac.rs\/sr\/wp-json\/wp\/v2\/categories?post=1075"},{"taxonomy":"post_tag","embeddable":true,"href":"http:\/\/intelheart.kg.ac.rs\/sr\/wp-json\/wp\/v2\/tags?post=1075"}],"curies":[{"name":"wp","href":"https:\/\/api.w.org\/{rel}","templated":true}]}}